{"id":582,"date":"2019-06-09T12:19:22","date_gmt":"2019-06-09T15:19:22","guid":{"rendered":"http:\/\/ipads.org.br\/cidadaniajovem\/?p=582"},"modified":"2019-08-04T23:27:10","modified_gmt":"2019-08-05T02:27:10","slug":"adolescentes-soltam-a-criatividade-nas-oficinas","status":"publish","type":"post","link":"https:\/\/ipads.org.br\/cidadaniajovem\/2019\/06\/09\/adolescentes-soltam-a-criatividade-nas-oficinas\/","title":{"rendered":"Adolescentes soltam a criatividade nas oficinas"},"content":{"rendered":"<p><span style=\"font-weight: 400;\">Discuss\u00f5es sobre temas importantes para a adolesc\u00eancia, pr\u00e1ticas corporais e muita arte fizeram deste s\u00e1bado, 8 de junho, mais um dia produtivo e divertido para os meninos e meninas que participam do Cidadania Jovem. \u00c0 medida que o projeto avan\u00e7a, aumentam a participa\u00e7\u00e3o e a integra\u00e7\u00e3o dos adolescentes com colegas e &nbsp;monitores.<\/span><\/p>\n<p><img decoding=\"async\" loading=\"lazy\" class=\"aligncenter size-full wp-image-589\" src=\"http:\/\/ipads.org.br\/cidadaniajovem\/wp-content\/uploads\/2019\/06\/foto-oficina-rpe-08_06-gentileza.jpg\" alt=\"\" width=\"580\" height=\"712\" srcset=\"https:\/\/ipads.org.br\/cidadaniajovem\/wp-content\/uploads\/2019\/06\/foto-oficina-rpe-08_06-gentileza.jpg 580w, https:\/\/ipads.org.br\/cidadaniajovem\/wp-content\/uploads\/2019\/06\/foto-oficina-rpe-08_06-gentileza-244x300.jpg 244w\" sizes=\"(max-width: 580px) 85vw, 580px\" \/><\/p>\n<p>\u00c9 o que diz a coordenadora dos monitores de Rio Preto da Eva, Sylvania Bouderic.&nbsp;<span style=\"font-weight: 400;\">\u201cA cada s\u00e1bado de projeto h\u00e1 uma identifica\u00e7\u00e3o dos participantes. Muito alegra o nosso cora\u00e7\u00e3o, pois j\u00e1 estamos colhendo frutos. Muitos jovens est\u00e3o se desenvolvendo em sua orat\u00f3ria, em sua forma de abordar os assuntos e na participa\u00e7\u00e3o\u201d.<\/span><\/p>\n<p><img decoding=\"async\" loading=\"lazy\" class=\"aligncenter size-full wp-image-590\" src=\"http:\/\/ipads.org.br\/cidadaniajovem\/wp-content\/uploads\/2019\/06\/foto-oficina-rpe-08_06-meninos-desenham.jpg\" alt=\"\" width=\"960\" height=\"935\" srcset=\"https:\/\/ipads.org.br\/cidadaniajovem\/wp-content\/uploads\/2019\/06\/foto-oficina-rpe-08_06-meninos-desenham.jpg 960w, https:\/\/ipads.org.br\/cidadaniajovem\/wp-content\/uploads\/2019\/06\/foto-oficina-rpe-08_06-meninos-desenham-300x292.jpg 300w, https:\/\/ipads.org.br\/cidadaniajovem\/wp-content\/uploads\/2019\/06\/foto-oficina-rpe-08_06-meninos-desenham-768x748.jpg 768w\" sizes=\"(max-width: 709px) 85vw, (max-width: 909px) 67vw, (max-width: 1362px) 62vw, 840px\" \/><\/p>\n<p><span style=\"font-weight: 400;\">Na cidade amazonense, as oficinas tiveram o objetivo de avaliar as rela\u00e7\u00f5es sociais por meio dos &nbsp;trabalhos em grupo. Entre os temas abordados estavam a gentileza, exercitada na brincadeira do tabuleiro, e as diferen\u00e7as, que os adolescentes expressaram desenhando os colegas.<\/span><\/p>\n<p><img decoding=\"async\" loading=\"lazy\" class=\"aligncenter size-large wp-image-591\" src=\"http:\/\/ipads.org.br\/cidadaniajovem\/wp-content\/uploads\/2019\/06\/foto-oficina-rpe-08_06-3-meninos-com-pratinhos-1024x576.jpg\" alt=\"\" width=\"840\" height=\"473\" srcset=\"https:\/\/ipads.org.br\/cidadaniajovem\/wp-content\/uploads\/2019\/06\/foto-oficina-rpe-08_06-3-meninos-com-pratinhos-1024x576.jpg 1024w, https:\/\/ipads.org.br\/cidadaniajovem\/wp-content\/uploads\/2019\/06\/foto-oficina-rpe-08_06-3-meninos-com-pratinhos-300x169.jpg 300w, https:\/\/ipads.org.br\/cidadaniajovem\/wp-content\/uploads\/2019\/06\/foto-oficina-rpe-08_06-3-meninos-com-pratinhos-768x432.jpg 768w, https:\/\/ipads.org.br\/cidadaniajovem\/wp-content\/uploads\/2019\/06\/foto-oficina-rpe-08_06-3-meninos-com-pratinhos-1200x675.jpg 1200w, https:\/\/ipads.org.br\/cidadaniajovem\/wp-content\/uploads\/2019\/06\/foto-oficina-rpe-08_06-3-meninos-com-pratinhos.jpg 1280w\" sizes=\"(max-width: 709px) 85vw, (max-width: 909px) 67vw, (max-width: 1362px) 62vw, 840px\" \/><\/p>\n<p><span style=\"font-weight: 400;\">Tamb\u00e9m chamou &nbsp;a aten\u00e7\u00e3o a atividade art\u00edstica com a proposta de reproduzir as obras do artista pl\u00e1stico baiano Isaac de Oliveira, que retratam a natureza em toda a sua exuber\u00e2ncia de cores. Com materiais simples como pratos de papel\u00e3o, papel crepom e giz de cera, os adolescentes puderam soltar a &nbsp;criatividade e exibir os resultados com&nbsp; orgulho.<\/span><\/p>\n<p><img decoding=\"async\" loading=\"lazy\" class=\"aligncenter size-large wp-image-593\" src=\"http:\/\/ipads.org.br\/cidadaniajovem\/wp-content\/uploads\/2019\/06\/foto-oficina-rpe-08_06-amadinho-mostra-arte-576x1024.jpg\" alt=\"\" width=\"576\" height=\"1024\" srcset=\"https:\/\/ipads.org.br\/cidadaniajovem\/wp-content\/uploads\/2019\/06\/foto-oficina-rpe-08_06-amadinho-mostra-arte-576x1024.jpg 576w, https:\/\/ipads.org.br\/cidadaniajovem\/wp-content\/uploads\/2019\/06\/foto-oficina-rpe-08_06-amadinho-mostra-arte-169x300.jpg 169w, https:\/\/ipads.org.br\/cidadaniajovem\/wp-content\/uploads\/2019\/06\/foto-oficina-rpe-08_06-amadinho-mostra-arte.jpg 720w\" sizes=\"(max-width: 576px) 85vw, 576px\" \/><\/p>\n<p><img decoding=\"async\" loading=\"lazy\" class=\"aligncenter size-large wp-image-592\" src=\"http:\/\/ipads.org.br\/cidadaniajovem\/wp-content\/uploads\/2019\/06\/foto-oficina-rpe-08_06-menina-mostra-arte-1-576x1024.jpg\" alt=\"\" width=\"576\" height=\"1024\" srcset=\"https:\/\/ipads.org.br\/cidadaniajovem\/wp-content\/uploads\/2019\/06\/foto-oficina-rpe-08_06-menina-mostra-arte-1-576x1024.jpg 576w, https:\/\/ipads.org.br\/cidadaniajovem\/wp-content\/uploads\/2019\/06\/foto-oficina-rpe-08_06-menina-mostra-arte-1-169x300.jpg 169w, https:\/\/ipads.org.br\/cidadaniajovem\/wp-content\/uploads\/2019\/06\/foto-oficina-rpe-08_06-menina-mostra-arte-1.jpg 720w\" sizes=\"(max-width: 576px) 85vw, 576px\" \/><\/p>\n<p><span style=\"font-weight: 400;\">Todos os trabalhos foram expostos e deram um colorido especial \u00e0s salas de aula da Escola Municipal Governador Gilberto Mestrinho, onde o projeto \u00e9 realizado. <\/span><\/p>\n<h3><i><span style=\"font-weight: 400;\">Arrai\u00e1<\/span><\/i><span style=\"font-weight: 400;\"> do CJ<\/span><\/h3>\n<p><span style=\"font-weight: 400;\">Pela manh\u00e3 os adolescentes de Demerval Lob\u00e3o, no Piau\u00ed, tiveram atividades relacionadas ao Dia Mundial de Combate ao Trabalho Infantil, 12 de junho, data institu\u00edda pela Organiza\u00e7\u00e3o Internacional do Trabalho (OIT). No munic\u00edpio, a campanha de conscientiza\u00e7\u00e3o \u00e9 realizada pelas secretarias de Sa\u00fade, Educa\u00e7\u00e3o e Assist\u00eancia Social, em conjunto com o Conselho Municipal da Crian\u00e7a e do Adolescente. &nbsp;<\/span><\/p>\n<p><img decoding=\"async\" loading=\"lazy\" class=\"aligncenter size-large wp-image-584\" src=\"http:\/\/ipads.org.br\/cidadaniajovem\/wp-content\/uploads\/2019\/06\/foto-oficina-DL-08-06-palestra-trab-infantil-1024x768.jpg\" alt=\"\" width=\"840\" height=\"630\" srcset=\"https:\/\/ipads.org.br\/cidadaniajovem\/wp-content\/uploads\/2019\/06\/foto-oficina-DL-08-06-palestra-trab-infantil-1024x768.jpg 1024w, https:\/\/ipads.org.br\/cidadaniajovem\/wp-content\/uploads\/2019\/06\/foto-oficina-DL-08-06-palestra-trab-infantil-300x225.jpg 300w, https:\/\/ipads.org.br\/cidadaniajovem\/wp-content\/uploads\/2019\/06\/foto-oficina-DL-08-06-palestra-trab-infantil-768x576.jpg 768w, https:\/\/ipads.org.br\/cidadaniajovem\/wp-content\/uploads\/2019\/06\/foto-oficina-DL-08-06-palestra-trab-infantil.jpg 1032w\" sizes=\"(max-width: 709px) 85vw, (max-width: 909px) 67vw, (max-width: 1362px) 62vw, 840px\" \/><\/p>\n<p><span style=\"font-weight: 400;\">Durante a palestra ministrada pelo conselheiro tutelar Jos\u00e9 Roberto de Alencar, os jovens montaram uma encena\u00e7\u00e3o sobre o trabalho de crian\u00e7as que vendem produtos nas ruas. E segundo a coordenadora das oficinas, Leidiane Neres, fizeram v\u00e1rias perguntas \u00e0 equipe da campanha, o que demonstra desenvoltura e &nbsp;interesse pelo tema.<\/span><\/p>\n<p><img decoding=\"async\" loading=\"lazy\" class=\"aligncenter size-large wp-image-583\" src=\"http:\/\/ipads.org.br\/cidadaniajovem\/wp-content\/uploads\/2019\/06\/foto-oficina-DL-08.06-meninos-desenham-1024x577.jpg\" alt=\"\" width=\"840\" height=\"473\" srcset=\"https:\/\/ipads.org.br\/cidadaniajovem\/wp-content\/uploads\/2019\/06\/foto-oficina-DL-08.06-meninos-desenham-1024x577.jpg 1024w, https:\/\/ipads.org.br\/cidadaniajovem\/wp-content\/uploads\/2019\/06\/foto-oficina-DL-08.06-meninos-desenham-300x169.jpg 300w, https:\/\/ipads.org.br\/cidadaniajovem\/wp-content\/uploads\/2019\/06\/foto-oficina-DL-08.06-meninos-desenham-768x433.jpg 768w, https:\/\/ipads.org.br\/cidadaniajovem\/wp-content\/uploads\/2019\/06\/foto-oficina-DL-08.06-meninos-desenham-1200x676.jpg 1200w, https:\/\/ipads.org.br\/cidadaniajovem\/wp-content\/uploads\/2019\/06\/foto-oficina-DL-08.06-meninos-desenham.jpg 1280w\" sizes=\"(max-width: 709px) 85vw, (max-width: 909px) 67vw, (max-width: 1362px) 62vw, 840px\" \/><\/p>\n<p><span style=\"font-weight: 400;\">Outra parte do dia &nbsp;foi reservada \u00e0 produ\u00e7\u00e3o dos adere\u00e7os que ser\u00e3o utilizados na montagem do <\/span><i><span style=\"font-weight: 400;\">Arrai\u00e1 do Cidadania Jovem<\/span><\/i><span style=\"font-weight: 400;\">, marcado para o pr\u00f3ximo s\u00e1bado, dia 15. \u201cOs monitores ajudaram e os jovens mesmo confeccionaram as bandeiras, os bal\u00f5es, todos os adere\u00e7os que vamos utilizar na festa\u201d, &nbsp;conta Leidiane.<\/span><\/p>\n<p><img decoding=\"async\" loading=\"lazy\" class=\"aligncenter size-large wp-image-585\" src=\"http:\/\/ipads.org.br\/cidadaniajovem\/wp-content\/uploads\/2019\/06\/foto-oficina-DL-08.06-bolsinhas-do-arrai\u00e1-768x1024.jpg\" alt=\"\" width=\"768\" height=\"1024\" srcset=\"https:\/\/ipads.org.br\/cidadaniajovem\/wp-content\/uploads\/2019\/06\/foto-oficina-DL-08.06-bolsinhas-do-arrai\u00e1-768x1024.jpg 768w, https:\/\/ipads.org.br\/cidadaniajovem\/wp-content\/uploads\/2019\/06\/foto-oficina-DL-08.06-bolsinhas-do-arrai\u00e1-225x300.jpg 225w, https:\/\/ipads.org.br\/cidadaniajovem\/wp-content\/uploads\/2019\/06\/foto-oficina-DL-08.06-bolsinhas-do-arrai\u00e1.jpg 774w\" sizes=\"(max-width: 709px) 85vw, (max-width: 909px) 67vw, (max-width: 984px) 61vw, (max-width: 1362px) 45vw, 600px\" \/><\/p>\n<p>&nbsp;<\/p>\n<h3><span style=\"font-weight: 400;\">Qual \u00e9 a m\u00fasica?<\/span><\/h3>\n<p><span style=\"font-weight: 400;\">Em Pedreira, S\u00e3o Paulo, os monitores priorizaram a quest\u00e3o da identidade dos adolescentes. Uma das atividades foi identificar o gosto pessoal dos jovens por estilos musicais e estimular o respeito \u00e0s prefer\u00eancias alheias.<\/span><\/p>\n<p><img decoding=\"async\" loading=\"lazy\" class=\"aligncenter size-large wp-image-580\" src=\"http:\/\/ipads.org.br\/cidadaniajovem\/wp-content\/uploads\/2019\/06\/oficina-ped-08_06-painel-m\u00fasicas-1024x768.jpg\" alt=\"\" width=\"840\" height=\"630\" srcset=\"https:\/\/ipads.org.br\/cidadaniajovem\/wp-content\/uploads\/2019\/06\/oficina-ped-08_06-painel-m\u00fasicas-1024x768.jpg 1024w, https:\/\/ipads.org.br\/cidadaniajovem\/wp-content\/uploads\/2019\/06\/oficina-ped-08_06-painel-m\u00fasicas-300x225.jpg 300w, https:\/\/ipads.org.br\/cidadaniajovem\/wp-content\/uploads\/2019\/06\/oficina-ped-08_06-painel-m\u00fasicas-768x576.jpg 768w, https:\/\/ipads.org.br\/cidadaniajovem\/wp-content\/uploads\/2019\/06\/oficina-ped-08_06-painel-m\u00fasicas-1200x900.jpg 1200w, https:\/\/ipads.org.br\/cidadaniajovem\/wp-content\/uploads\/2019\/06\/oficina-ped-08_06-painel-m\u00fasicas.jpg 1280w\" sizes=\"(max-width: 709px) 85vw, (max-width: 909px) 67vw, (max-width: 1362px) 62vw, 840px\" \/><\/p>\n<p><span style=\"font-weight: 400;\">Cada um escolheu sua m\u00fasica favorita e apresentou ao grupo, com um trecho escrito e desenhos, que formaram um painel com todas as contribui\u00e7\u00f5es. Ao final, todos cantaram e dan\u00e7aram, de acordo com os diferentes ritmos.<\/span><\/p>\n<p><img decoding=\"async\" loading=\"lazy\" class=\"aligncenter size-large wp-image-587\" src=\"http:\/\/ipads.org.br\/cidadaniajovem\/wp-content\/uploads\/2019\/06\/foto-oficina-ped-08.06-grupo-desenha-no-ch\u00e3o-1024x768.jpg\" alt=\"\" width=\"840\" height=\"630\" srcset=\"https:\/\/ipads.org.br\/cidadaniajovem\/wp-content\/uploads\/2019\/06\/foto-oficina-ped-08.06-grupo-desenha-no-ch\u00e3o-1024x768.jpg 1024w, https:\/\/ipads.org.br\/cidadaniajovem\/wp-content\/uploads\/2019\/06\/foto-oficina-ped-08.06-grupo-desenha-no-ch\u00e3o-300x225.jpg 300w, https:\/\/ipads.org.br\/cidadaniajovem\/wp-content\/uploads\/2019\/06\/foto-oficina-ped-08.06-grupo-desenha-no-ch\u00e3o-768x576.jpg 768w, https:\/\/ipads.org.br\/cidadaniajovem\/wp-content\/uploads\/2019\/06\/foto-oficina-ped-08.06-grupo-desenha-no-ch\u00e3o-1200x900.jpg 1200w, https:\/\/ipads.org.br\/cidadaniajovem\/wp-content\/uploads\/2019\/06\/foto-oficina-ped-08.06-grupo-desenha-no-ch\u00e3o.jpg 1280w\" sizes=\"(max-width: 709px) 85vw, (max-width: 909px) 67vw, (max-width: 1362px) 62vw, 840px\" \/><\/p>\n<p><span style=\"font-weight: 400;\">Prazeres e perigos da adolesc\u00eancia tamb\u00e9m foram apontados pelos adolescentes para discuss\u00e3o em roda de conversa da oficina de Cidadania e Protagonismo.<\/span><\/p>\n<p><span style=\"font-weight: 400;\">E como &nbsp;pr\u00e1ticas corporais, o dia foi de gincana, com tr\u00eas desafios para os grupos: corrida do saco, caminhada com uma colher na boca, segurando uma bolinha, e o exerc\u00edcio de pular por entre bambol\u00eas posicionados no ch\u00e3o.<\/span><\/p>\n<p><img decoding=\"async\" loading=\"lazy\" class=\"aligncenter size-large wp-image-588\" src=\"http:\/\/ipads.org.br\/cidadaniajovem\/wp-content\/uploads\/2019\/06\/IMG-20190608-WA0097-1024x768.jpg\" alt=\"\" width=\"840\" height=\"630\" srcset=\"https:\/\/ipads.org.br\/cidadaniajovem\/wp-content\/uploads\/2019\/06\/IMG-20190608-WA0097-1024x768.jpg 1024w, https:\/\/ipads.org.br\/cidadaniajovem\/wp-content\/uploads\/2019\/06\/IMG-20190608-WA0097-300x225.jpg 300w, https:\/\/ipads.org.br\/cidadaniajovem\/wp-content\/uploads\/2019\/06\/IMG-20190608-WA0097-768x576.jpg 768w, https:\/\/ipads.org.br\/cidadaniajovem\/wp-content\/uploads\/2019\/06\/IMG-20190608-WA0097-1200x900.jpg 1200w, https:\/\/ipads.org.br\/cidadaniajovem\/wp-content\/uploads\/2019\/06\/IMG-20190608-WA0097.jpg 1280w\" sizes=\"(max-width: 709px) 85vw, (max-width: 909px) 67vw, (max-width: 1362px) 62vw, 840px\" \/><\/p>\n<p><img decoding=\"async\" loading=\"lazy\" class=\"aligncenter size-large wp-image-586\" src=\"http:\/\/ipads.org.br\/cidadaniajovem\/wp-content\/uploads\/2019\/06\/foto-oficina-ped-08_06-menino-com-colher-768x1024.jpg\" alt=\"\" width=\"768\" height=\"1024\" srcset=\"https:\/\/ipads.org.br\/cidadaniajovem\/wp-content\/uploads\/2019\/06\/foto-oficina-ped-08_06-menino-com-colher-768x1024.jpg 768w, https:\/\/ipads.org.br\/cidadaniajovem\/wp-content\/uploads\/2019\/06\/foto-oficina-ped-08_06-menino-com-colher-225x300.jpg 225w, https:\/\/ipads.org.br\/cidadaniajovem\/wp-content\/uploads\/2019\/06\/foto-oficina-ped-08_06-menino-com-colher.jpg 960w\" sizes=\"(max-width: 709px) 85vw, (max-width: 909px) 67vw, (max-width: 984px) 61vw, (max-width: 1362px) 45vw, 600px\" \/><\/p>\n<p>&nbsp;<\/p>\n<p>&nbsp;<\/p>\n<p>&nbsp;<\/p>\n","protected":false},"excerpt":{"rendered":"<p>Rio \u00a0Preto da Eva (AM):  trabalhos  art\u00edsticos dos jovens s\u00e3o expostos na escola onde funciona o CJ<\/p>\n","protected":false},"author":2,"featured_media":594,"comment_status":"open","ping_status":"open","sticky":false,"template":"","format":"standard","meta":{"ngg_post_thumbnail":0},"categories":[1],"tags":[],"yoast_head":"<!-- This site is optimized with the Yoast SEO plugin v20.11 - https:\/\/yoast.com\/wordpress\/plugins\/seo\/ -->\n<title>Adolescentes soltam a criatividade nas oficinas - Cidadania Jovem<\/title>\n<meta name=\"robots\" content=\"index, follow, max-snippet:-1, max-image-preview:large, max-video-preview:-1\" \/>\n<link rel=\"canonical\" href=\"https:\/\/ipads.org.br\/cidadaniajovem\/2019\/06\/09\/adolescentes-soltam-a-criatividade-nas-oficinas\/\" \/>\n<meta property=\"og:locale\" content=\"pt_BR\" \/>\n<meta property=\"og:type\" content=\"article\" \/>\n<meta property=\"og:title\" content=\"Adolescentes soltam a criatividade nas oficinas - Cidadania Jovem\" \/>\n<meta property=\"og:description\" content=\"Rio \u00a0Preto da Eva (AM): trabalhos art\u00edsticos dos jovens s\u00e3o expostos na escola onde funciona o CJ\" \/>\n<meta property=\"og:url\" content=\"https:\/\/ipads.org.br\/cidadaniajovem\/2019\/06\/09\/adolescentes-soltam-a-criatividade-nas-oficinas\/\" \/>\n<meta property=\"og:site_name\" content=\"Cidadania Jovem\" \/>\n<meta property=\"article:published_time\" content=\"2019-06-09T15:19:22+00:00\" \/>\n<meta property=\"article:modified_time\" content=\"2019-08-05T02:27:10+00:00\" \/>\n<meta property=\"og:image\" content=\"https:\/\/ipads.org.br\/cidadaniajovem\/wp-content\/uploads\/2019\/06\/foto-oficina-RPE-08_06-Sylvania-monta-painel-1.jpg\" \/>\n\t<meta property=\"og:image:width\" content=\"960\" \/>\n\t<meta property=\"og:image:height\" content=\"1280\" \/>\n\t<meta property=\"og:image:type\" content=\"image\/jpeg\" \/>\n<meta name=\"author\" content=\"Lenir\" \/>\n<meta name=\"twitter:card\" content=\"summary_large_image\" \/>\n<meta name=\"twitter:label1\" content=\"Escrito por\" \/>\n\t<meta name=\"twitter:data1\" content=\"Lenir\" \/>\n\t<meta name=\"twitter:label2\" content=\"Est. tempo de leitura\" \/>\n\t<meta name=\"twitter:data2\" content=\"3 minutos\" \/>\n<script type=\"application\/ld+json\" class=\"yoast-schema-graph\">{\"@context\":\"https:\/\/schema.org\",\"@graph\":[{\"@type\":\"WebPage\",\"@id\":\"https:\/\/ipads.org.br\/cidadaniajovem\/2019\/06\/09\/adolescentes-soltam-a-criatividade-nas-oficinas\/\",\"url\":\"https:\/\/ipads.org.br\/cidadaniajovem\/2019\/06\/09\/adolescentes-soltam-a-criatividade-nas-oficinas\/\",\"name\":\"Adolescentes soltam a criatividade nas oficinas - Cidadania Jovem\",\"isPartOf\":{\"@id\":\"https:\/\/ipads.org.br\/cidadaniajovem\/#website\"},\"datePublished\":\"2019-06-09T15:19:22+00:00\",\"dateModified\":\"2019-08-05T02:27:10+00:00\",\"author\":{\"@id\":\"https:\/\/ipads.org.br\/cidadaniajovem\/#\/schema\/person\/57416657ffa59296cf7e914494c1268e\"},\"breadcrumb\":{\"@id\":\"https:\/\/ipads.org.br\/cidadaniajovem\/2019\/06\/09\/adolescentes-soltam-a-criatividade-nas-oficinas\/#breadcrumb\"},\"inLanguage\":\"pt-BR\",\"potentialAction\":[{\"@type\":\"ReadAction\",\"target\":[\"https:\/\/ipads.org.br\/cidadaniajovem\/2019\/06\/09\/adolescentes-soltam-a-criatividade-nas-oficinas\/\"]}]},{\"@type\":\"BreadcrumbList\",\"@id\":\"https:\/\/ipads.org.br\/cidadaniajovem\/2019\/06\/09\/adolescentes-soltam-a-criatividade-nas-oficinas\/#breadcrumb\",\"itemListElement\":[{\"@type\":\"ListItem\",\"position\":1,\"name\":\"In\u00edcio\",\"item\":\"https:\/\/ipads.org.br\/cidadaniajovem\/\"},{\"@type\":\"ListItem\",\"position\":2,\"name\":\"Adolescentes soltam a criatividade nas oficinas\"}]},{\"@type\":\"WebSite\",\"@id\":\"https:\/\/ipads.org.br\/cidadaniajovem\/#website\",\"url\":\"https:\/\/ipads.org.br\/cidadaniajovem\/\",\"name\":\"Cidadania Jovem\",\"description\":\"Promo\u00e7\u00e3o da sa\u00fade de adolescentes\",\"potentialAction\":[{\"@type\":\"SearchAction\",\"target\":{\"@type\":\"EntryPoint\",\"urlTemplate\":\"https:\/\/ipads.org.br\/cidadaniajovem\/?s={search_term_string}\"},\"query-input\":\"required name=search_term_string\"}],\"inLanguage\":\"pt-BR\"},{\"@type\":\"Person\",\"@id\":\"https:\/\/ipads.org.br\/cidadaniajovem\/#\/schema\/person\/57416657ffa59296cf7e914494c1268e\",\"name\":\"Lenir\",\"image\":{\"@type\":\"ImageObject\",\"inLanguage\":\"pt-BR\",\"@id\":\"https:\/\/ipads.org.br\/cidadaniajovem\/#\/schema\/person\/image\/\",\"url\":\"https:\/\/secure.gravatar.com\/avatar\/25ce0bb0af6a013042aa703efeeea5c4?s=96&d=mm&r=g\",\"contentUrl\":\"https:\/\/secure.gravatar.com\/avatar\/25ce0bb0af6a013042aa703efeeea5c4?s=96&d=mm&r=g\",\"caption\":\"Lenir\"},\"url\":\"https:\/\/ipads.org.br\/cidadaniajovem\/author\/lenir\/\"}]}<\/script>\n<!-- \/ Yoast SEO plugin. -->","yoast_head_json":{"title":"Adolescentes soltam a criatividade nas oficinas - Cidadania Jovem","robots":{"index":"index","follow":"follow","max-snippet":"max-snippet:-1","max-image-preview":"max-image-preview:large","max-video-preview":"max-video-preview:-1"},"canonical":"https:\/\/ipads.org.br\/cidadaniajovem\/2019\/06\/09\/adolescentes-soltam-a-criatividade-nas-oficinas\/","og_locale":"pt_BR","og_type":"article","og_title":"Adolescentes soltam a criatividade nas oficinas - Cidadania Jovem","og_description":"Rio \u00a0Preto da Eva (AM): trabalhos art\u00edsticos dos jovens s\u00e3o expostos na escola onde funciona o CJ","og_url":"https:\/\/ipads.org.br\/cidadaniajovem\/2019\/06\/09\/adolescentes-soltam-a-criatividade-nas-oficinas\/","og_site_name":"Cidadania Jovem","article_published_time":"2019-06-09T15:19:22+00:00","article_modified_time":"2019-08-05T02:27:10+00:00","og_image":[{"width":960,"height":1280,"url":"https:\/\/ipads.org.br\/cidadaniajovem\/wp-content\/uploads\/2019\/06\/foto-oficina-RPE-08_06-Sylvania-monta-painel-1.jpg","type":"image\/jpeg"}],"author":"Lenir","twitter_card":"summary_large_image","twitter_misc":{"Escrito por":"Lenir","Est. tempo de leitura":"3 minutos"},"schema":{"@context":"https:\/\/schema.org","@graph":[{"@type":"WebPage","@id":"https:\/\/ipads.org.br\/cidadaniajovem\/2019\/06\/09\/adolescentes-soltam-a-criatividade-nas-oficinas\/","url":"https:\/\/ipads.org.br\/cidadaniajovem\/2019\/06\/09\/adolescentes-soltam-a-criatividade-nas-oficinas\/","name":"Adolescentes soltam a criatividade nas oficinas - Cidadania Jovem","isPartOf":{"@id":"https:\/\/ipads.org.br\/cidadaniajovem\/#website"},"datePublished":"2019-06-09T15:19:22+00:00","dateModified":"2019-08-05T02:27:10+00:00","author":{"@id":"https:\/\/ipads.org.br\/cidadaniajovem\/#\/schema\/person\/57416657ffa59296cf7e914494c1268e"},"breadcrumb":{"@id":"https:\/\/ipads.org.br\/cidadaniajovem\/2019\/06\/09\/adolescentes-soltam-a-criatividade-nas-oficinas\/#breadcrumb"},"inLanguage":"pt-BR","potentialAction":[{"@type":"ReadAction","target":["https:\/\/ipads.org.br\/cidadaniajovem\/2019\/06\/09\/adolescentes-soltam-a-criatividade-nas-oficinas\/"]}]},{"@type":"BreadcrumbList","@id":"https:\/\/ipads.org.br\/cidadaniajovem\/2019\/06\/09\/adolescentes-soltam-a-criatividade-nas-oficinas\/#breadcrumb","itemListElement":[{"@type":"ListItem","position":1,"name":"In\u00edcio","item":"https:\/\/ipads.org.br\/cidadaniajovem\/"},{"@type":"ListItem","position":2,"name":"Adolescentes soltam a criatividade nas oficinas"}]},{"@type":"WebSite","@id":"https:\/\/ipads.org.br\/cidadaniajovem\/#website","url":"https:\/\/ipads.org.br\/cidadaniajovem\/","name":"Cidadania Jovem","description":"Promo\u00e7\u00e3o da sa\u00fade de adolescentes","potentialAction":[{"@type":"SearchAction","target":{"@type":"EntryPoint","urlTemplate":"https:\/\/ipads.org.br\/cidadaniajovem\/?s={search_term_string}"},"query-input":"required name=search_term_string"}],"inLanguage":"pt-BR"},{"@type":"Person","@id":"https:\/\/ipads.org.br\/cidadaniajovem\/#\/schema\/person\/57416657ffa59296cf7e914494c1268e","name":"Lenir","image":{"@type":"ImageObject","inLanguage":"pt-BR","@id":"https:\/\/ipads.org.br\/cidadaniajovem\/#\/schema\/person\/image\/","url":"https:\/\/secure.gravatar.com\/avatar\/25ce0bb0af6a013042aa703efeeea5c4?s=96&d=mm&r=g","contentUrl":"https:\/\/secure.gravatar.com\/avatar\/25ce0bb0af6a013042aa703efeeea5c4?s=96&d=mm&r=g","caption":"Lenir"},"url":"https:\/\/ipads.org.br\/cidadaniajovem\/author\/lenir\/"}]}},"_links":{"self":[{"href":"https:\/\/ipads.org.br\/cidadaniajovem\/wp-json\/wp\/v2\/posts\/582"}],"collection":[{"href":"https:\/\/ipads.org.br\/cidadaniajovem\/wp-json\/wp\/v2\/posts"}],"about":[{"href":"https:\/\/ipads.org.br\/cidadaniajovem\/wp-json\/wp\/v2\/types\/post"}],"author":[{"embeddable":true,"href":"https:\/\/ipads.org.br\/cidadaniajovem\/wp-json\/wp\/v2\/users\/2"}],"replies":[{"embeddable":true,"href":"https:\/\/ipads.org.br\/cidadaniajovem\/wp-json\/wp\/v2\/comments?post=582"}],"version-history":[{"count":8,"href":"https:\/\/ipads.org.br\/cidadaniajovem\/wp-json\/wp\/v2\/posts\/582\/revisions"}],"predecessor-version":[{"id":755,"href":"https:\/\/ipads.org.br\/cidadaniajovem\/wp-json\/wp\/v2\/posts\/582\/revisions\/755"}],"wp:featuredmedia":[{"embeddable":true,"href":"https:\/\/ipads.org.br\/cidadaniajovem\/wp-json\/wp\/v2\/media\/594"}],"wp:attachment":[{"href":"https:\/\/ipads.org.br\/cidadaniajovem\/wp-json\/wp\/v2\/media?parent=582"}],"wp:term":[{"taxonomy":"category","embeddable":true,"href":"https:\/\/ipads.org.br\/cidadaniajovem\/wp-json\/wp\/v2\/categories?post=582"},{"taxonomy":"post_tag","embeddable":true,"href":"https:\/\/ipads.org.br\/cidadaniajovem\/wp-json\/wp\/v2\/tags?post=582"}],"curies":[{"name":"wp","href":"https:\/\/api.w.org\/{rel}","templated":true}]}}